{"id":496,"date":"2021-11-07T18:08:29","date_gmt":"2021-11-07T17:08:29","guid":{"rendered":"https:\/\/isarautoren.de\/?p=496"},"modified":"2021-11-16T22:09:56","modified_gmt":"2021-11-16T21:09:56","slug":"jede-menge-neues-im-herbst","status":"publish","type":"post","link":"https:\/\/isarautoren.de\/index.php\/2021\/11\/07\/jede-menge-neues-im-herbst\/","title":{"rendered":"Jede Menge Neues im Herbst"},"content":{"rendered":"\n<figure class=\"wp-block-image size-large is-resized\"><img decoding=\"async\" loading=\"lazy\" src=\"https:\/\/isarautoren.de\/wp-content\/uploads\/2021\/11\/Herbst2021.jpg\" alt=\"\" class=\"wp-image-506\" width=\"831\" height=\"554\"\/><\/figure>\n\n\n\n<div class=\"wp-block-image\"><figure class=\"alignleft is-resized\"><img decoding=\"async\" loading=\"lazy\" src=\"https:\/\/isarautoren.de\/wp-content\/uploads\/2021\/11\/Gl\u00fccksfee-1.jpg\" alt=\"\" class=\"wp-image-505\" width=\"201\" height=\"257\"\/><\/figure><\/div>\n\n\n\n<p>Vollgas! Mit diesen Neuerscheinungen starten die Isarautoren in den Herbst 2021: <strong>Gundi Herget<\/strong>s \u201eDiebische Adventsfee\u201c (Edition Pastorplatz) erz\u00e4hlt von einer Fee und ihrem verh\u00e4ngnisvollen Appetit auf Schokolade. Endlich ist der erste Dezember! Wie jedes Jahr h\u00e4ngt der Adventskalender im Wohnzimmer und wartet darauf, ge\u00f6ffnet zu werden. Aber was ist das? Die S\u00fc\u00dfigkeiten sind weg! Tag f\u00fcr Tag sind nur noch ein paar Schokoladenkr\u00fcmel \u00fcbrig. Das erfordert Ma\u00dfnahmen! Mama denkt an M\u00e4use, Papa legt sich auf die Lauer \u2013 vergebens. Eines Nachts aber gelingt es: Das Kind erwischt den frechen Adventskalenderdieb auf frischer Tat. Und das ist nicht die einzige \u00dcberraschung in jener Nacht.<\/p>\n\n\n\n<div class=\"wp-block-image\"><figure class=\"alignright is-resized\"><img decoding=\"async\" loading=\"lazy\" src=\"https:\/\/isarautoren.de\/wp-content\/uploads\/2021\/11\/Gl\u00fcckskekse.jpg\" alt=\"\" class=\"wp-image-494\" width=\"175\" height=\"269\"\/><\/figure><\/div>\n\n\n\n<p>Um Adventskalender \u2013 aber dieses Mal um vergessene \u2013 geht es auch bei <strong>Silke Wolfrum<\/strong>: \u201eGl\u00fcckskekse im Advent\u201c (Hanser) erz\u00e4hlt uns von einer besonderen Vater-Tochter-Geschichte. Ist es ein Gl\u00fccksfall, dass Finjas Papa endlich einen Auftrag erh\u00e4lt und 111 Spr\u00fcche f\u00fcr Gl\u00fcckskekse schreiben soll? Oder ist das eher der Anfang einer langen Pechstr\u00e4hne? Denn pl\u00f6tzlich hat Papa eine Schreib-Blockade und vergisst alles, sogar Finja einen Adventskalender zu basteln. Alle haben einen, nur sie nicht. Also muss sie sich einen erschwindeln und eine gro\u00dfe L\u00fcgen-Lawine kommt ins Rollen. Eine verr\u00fcckte Weihnachtsgeschichte voll liebenswerter Charaktere, herrlich schr\u00e4g illustriert von Nele Palmtag.<\/p>\n\n\n\n<div class=\"wp-block-image\"><figure class=\"alignleft is-resized\"><img decoding=\"async\" loading=\"lazy\" src=\"https:\/\/isarautoren.de\/wp-content\/uploads\/2021\/11\/Siebenschl\u00e4fer_Weihnachten.jpg\" alt=\"\" class=\"wp-image-509\" width=\"196\" height=\"282\"\/><\/figure><\/div>\n\n\n\n<p><strong>Sabine Bohlmann<\/strong> l\u00e4sst ihren beliebten \u201eSiebenschl\u00e4fer \u2013 ein Lichterwald voller Weihnachtsgeschichten\u201c (Thienemann) das erste Mal Weihnachten erleben. Die Stadtmaus ist in den Wald gekommen, um die Haselmaus zu besuchen. Und was hat sie im Gep\u00e4ck? Ein ganzes Fest! Der kleine Siebenschl\u00e4fer staunt nicht schlecht, denn er hat noch nie von Weihnachten geh\u00f6rt. Die Stadtmaus zeigt ihnen alles, was man wissen muss. Sie backen Pl\u00e4tzchen, reimen Gedichte, suchen den perfekten Baum und basteln den wunderbarsten Weihnachtsschmuck. Aber das Sch\u00f6nste ist der Weihnachtszauber, denn der erfasst nicht nur den kleinen Siebenschl\u00e4fer, sondern alle Tiere im Wald.<\/p>\n\n\n\n<div class=\"wp-block-image\"><figure class=\"alignright is-resized\"><img decoding=\"async\" loading=\"lazy\" src=\"https:\/\/isarautoren.de\/wp-content\/uploads\/2021\/07\/Rulantica.jpg\" alt=\"\" class=\"wp-image-474\" width=\"190\" height=\"291\"\/><\/figure><\/div>\n\n\n\n<p><strong>Michael Hanauer<\/strong> entf\u00fchrt uns zum zweiten Mal in die wunderbar mystische Unterwasserwelt \u201eRulantica \u2013 Die Verschw\u00f6rung der G\u00f6tter\u201c (Coppenrath): Eine richtige Familie und ein eigenes Zuhause in der Eisstadt unter dem Meer \u2013 eigentlich m\u00fcsste Mats rundum gl\u00fccklich sein. Doch hier versteht ihn niemand so richtig, nicht einmal seine eigene Zwillingsschwester Finja. Die hat momentan nichts anderes im Kopf als ihre Ausbildung zur Quellw\u00e4chterin und \u00fcbt sich in Eismagie, anstatt sich um ihren Bruder zu k\u00fcmmern. Noch w\u00e4hrend die beiden zoffen, braut sich viel gr\u00f6\u00dferes Unheil \u00fcber ihnen zusammen: Die G\u00f6tter erwecken die Wasserschlange B\u00f6lvun zum Leben. Pl\u00f6tzlich steht alles auf dem Spiel &#8211; Mats und Finja bleibt nicht mehr viel Zeit, um sich selbst zu retten und Rulantica vor dem Untergang zu bewahren.<\/p>\n\n\n\n<div class=\"wp-block-image\"><figure class=\"alignleft is-resized\"><img decoding=\"async\" loading=\"lazy\" src=\"https:\/\/isarautoren.de\/wp-content\/uploads\/2021\/11\/Verdachtim-Tierheim.jpg\" alt=\"\" class=\"wp-image-511\" width=\"201\" height=\"304\"\/><\/figure><\/div>\n\n\n\n<p><strong>Anja Janotta<\/strong> geht in ihrem zweiten Teil der \u201eIsar-Detektive \u2013 Verdacht im Tierheim\u201c (Oetinger\/Bayerischer Landtag) wieder im Umfeld des Maximilianeums auf Verbrecherjagd. Ein ausgesetzter Hund bringt die Detektive dieses Mal auf die Spur ihres neuen Falles. In einem Tierheim passieren merkw\u00fcrdige Dinge. Damit es nicht geschlossen wird, strengen die Detektive Balu, Metti, Elias und Flo eine Petition im Landtag an. Fast zu sp\u00e4t stellen sie fest, an welchen skrupellosen Gegenspieler sie im Tierheim geraten sind. K\u00f6nnen Sie sich und ihre tierischen Freunde retten? Im Rahmen dieses Lesef\u00f6rderprojekts des Bayerischen Landtags k\u00f6nnen Klassens\u00e4tze kostenlos <a href=\"https:\/\/www.isar-detektive.de\/#order\">bestellt werden<\/a>.<\/p>\n\n\n\n<div class=\"wp-block-image\"><figure class=\"alignright is-resized\"><img decoding=\"async\" loading=\"lazy\" src=\"https:\/\/isarautoren.de\/wp-content\/uploads\/2021\/11\/FrauFee_Lilliy.jpg\" alt=\"\" class=\"wp-image-513\" width=\"177\" height=\"251\"\/><\/figure><\/div>\n\n\n\n<p><strong>Meike Haas<\/strong> l\u00e4sst ihre feenhafte Klassenlehrerin in ein neues Abenteuer stolpern: \u201eFrau Fee \u2013 Zauberpost f\u00fcr Lilly\u201c (dtv). Seit Neuestem hat Lilly eine Brieffreundin in der Feenwelt. Das Feenm\u00e4dchen Lisandora hat so viel Spannendes zu erz\u00e4hlen: von Wettbewerben im Sonnenstrahlenrutschen, von M\u00fcffeltrollen und Leuchtzauberst\u00e4ben. Lilly w\u00fcrde zu gerne mal hinfahren und sie besuchen. Am besten w\u00e4re eine Klassenfahrt. Doch Lillys Lehrerin Frau Fee hat Bedenken.<\/p>\n\n\n\n<p><\/p>\n\n\n\n<div class=\"wp-block-image\"><figure class=\"alignleft is-resized\"><img decoding=\"async\" loading=\"lazy\" src=\"https:\/\/isarautoren.de\/wp-content\/uploads\/2021\/11\/Kuschelflosse7.jpg\" alt=\"\" class=\"wp-image-514\" width=\"210\" height=\"251\"\/><\/figure><\/div>\n\n\n\n<p>Bei der sympathisch umtriebigen Kuschelflosse von <strong>Nina M\u00fcller<\/strong> gibt es einen Neuzugang: \u201eKuschelflosse &#8211; das goldige Gl\u00fccksdrachen-Geglitzer\u201c (Magellan) hei\u00dft Band 7. So ein Pech! Gerade als in Fischhausen die gr\u00f6\u00dfte Seeigel-Sahnetorte der Weltverlost werden soll, geht Kuschelflosses Gl\u00fccksbringer kaputt. Donnerkofferblitz! Ein Ersatz muss her, doch das ist leichter geblubbert als getan. Aber dann entdeckt Herr Kofferfisch eine geheimnisvolle Dose und ein turbulentes Abenteuer voller Wasserdrachen und Gl\u00fcckskekse beginnt.<\/p>\n\n\n\n<p><\/p>\n\n\n\n<div class=\"wp-block-image\"><figure class=\"alignright is-resized\"><img decoding=\"async\" loading=\"lazy\" src=\"https:\/\/isarautoren.de\/wp-content\/uploads\/2021\/11\/Kunstareal.jpg\" alt=\"\" class=\"wp-image-515\" width=\"236\" height=\"236\"\/><\/figure><\/div>\n\n\n\n<p>Und <strong>Petra Breuer<\/strong> hat einen Museumsf\u00fchrer geschrieben: &#8222;Das Kunstareal f\u00fcr Kinder&#8220; (zu bestellen \u00fcber den <a href=\"https:\/\/phantasiereich.com\/\">Phantasiereich Verlag<\/a>). Das Alien Oooooooz ist mit seiner fliegenden Untertasse, dem Futuro, von der FLugbahn abgekommen und vor der Pinakothek der Moderne gelandet. \u00dcberrascht und neugierig zugleich, beginnt es die Erkundung des gesamten Kunstareals. Spielerisch werden Kinder an das Erlebnis Kunst -Kultur &#8211; Wissen herangef\u00fchrt. Jede Menge knifflige Aufgaben sowie witzige R\u00e4tsel und spannender Forscherauftr\u00e4ge laden zum Knobeln und Mitmachen ein. <\/p>\n\n\n\n<pre class=\"wp-block-preformatted\"><\/pre>\n\n\n\n<div class=\"wp-block-image\"><figure class=\"alignleft\"><img decoding=\"async\" loading=\"lazy\" width=\"134\" height=\"180\" src=\"https:\/\/isarautoren.de\/wp-content\/uploads\/2021\/11\/Tiptoi.jpg\" alt=\"\" class=\"wp-image-517\"\/><\/figure><\/div>\n\n\n\n<p>Und <strong>Cee Neudert<\/strong> hat gleich zwei Neuzug\u00e4nge im Gep\u00e4ck: \u201eDas XXL W\u00f6rter-Bilderbuch\u201c f\u00fcr Tiptoi (Ravensburger). Ein Buch f\u00fcr junge Kinder, um W\u00f6rter im Kontext zu lernen. Man tippt mit dem Tiptoi-Stift auf die Bilder und sie sprechen. <\/p>\n\n\n\n<div class=\"wp-block-image\"><figure class=\"alignright is-resized\"><img decoding=\"async\" loading=\"lazy\" src=\"https:\/\/isarautoren.de\/wp-content\/uploads\/2021\/11\/MachsgutEichh\u00f6rnchen.jpg\" alt=\"\" class=\"wp-image-519\" width=\"173\" height=\"173\"\/><\/figure><\/div>\n\n\n\n<p>Cees zweite Neuerscheinung hat ein eher nachdenkliches Thema: \u201eMach&#8217;s gut, Eichh\u00f6rnchen\u201c (Thienemann). Bei einem Waldspaziergang finden Kind und Oma ein totes Eichh\u00f6rnchen. Was f\u00fcr ein Leben hat es gehabt? Und was geschieht jetzt mit ihm? Ein Bilderbuch \u00fcber das Sterben, den Tod und das Traurigsein.<\/p>\n\n\n\n<p><\/p>\n\n\n\n<div class=\"wp-block-image\"><figure class=\"alignleft is-resized\"><img decoding=\"async\" loading=\"lazy\" src=\"https:\/\/isarautoren.de\/wp-content\/uploads\/2021\/11\/Tierwandler_Lama.jpg\" alt=\"\" class=\"wp-image-521\" width=\"180\" height=\"261\"\/><\/figure><\/div>\n\n\n\n<p>Ebenfalls bei Thienemann erschienen ist ein neuer Band aus <strong>Martina<\/strong> <strong>Baumbach<\/strong>s Reihe \u201eDie Tierwandler\u201c, die \u00fcbrigens mit dem Leipziger Lesekompass ausgezeichnet wurden. Der vierte Teil hei\u00dft: \u201eLama im Pyjama&#8220;. In der B\u00e4renfeldschule ist tierisch was los, seit es Herrn Olssons geheimen Unterricht f\u00fcr Tierwandler gibt. Im vierten Band geht es auf Klassenfahrt f\u00fcr Merle, Finn und Freunde. Doch wo steckt Herr Olsson? Ausgerechnet jetzt, wo Josh auf seine erste Verwandlung wartet. Als auch noch ein schlafwandelndes Lama f\u00fcr Chaos sorgt, haben die Tierwandler alle Fl\u00fcgel, Pfoten, Klauen voll zu tun, damit ihr Geheimnis nicht auffliegt. <\/p>\n\n\n\n<div class=\"wp-block-image\"><figure class=\"alignright is-resized\"><img decoding=\"async\" loading=\"lazy\" src=\"https:\/\/isarautoren.de\/wp-content\/uploads\/2021\/11\/Oskar.jpg\" alt=\"\" class=\"wp-image-525\" width=\"185\" height=\"285\"\/><\/figure><\/div>\n\n\n\n<p><strong>Anne Schiekel<\/strong> ist in diesem Herbst neu auf dem Markt mit der Freundschaftsgeschichte \u201eNelly, Oskar &amp; Co \u2013 Stress in der Clique\u201c (Hueber), die f\u00fcr Leserinnen und Leser mit dem Niveau A2 gedacht ist. Die 14-j\u00e4hrigen Zwillingsschwestern Nelly und Ina teilen nicht viele Gemeinsamkeiten. Das \u00e4ndert sich schlagartig, als nebenan die beiden kontaktfreudigen Br\u00fcder Per (14) und Oskar (15) einziehen. Als Ina bemerkt, dass Per ausnahmslos Nelly mit seinen Gitarrensolos beeindrucken will, kommt es zu einem handfesten Krach zwischen den Schwestern.<\/p>\n\n\n\n<p><\/p>\n\n\n\n<div class=\"wp-block-image\"><figure class=\"alignleft is-resized\"><img decoding=\"async\" loading=\"lazy\" src=\"https:\/\/isarautoren.de\/wp-content\/uploads\/2021\/11\/Rostig.jpg\" alt=\"\" class=\"wp-image-523\" width=\"229\" height=\"341\"\/><\/figure><\/div>\n\n\n\n<p>Und Freunde von <strong>Charlotte Habersacks<\/strong> Beststeller-Reihe \u201eBitte nicht \u00f6ffnen\u201c k\u00f6nnen sich \u00fcber Band 6 freuen: \u201eVorsicht Rostig\u201c (Carlsen). Endlich kommt ein neues P\u00e4ckchen! Nemo w\u00e4re fast gestorben vor Langeweile. Damit ist es jetzt vorbei, denn kaum ist der kleine Roboter Biep ausgepackt, beginnt alles zu schweben. Die Freunde m\u00fcssen blitzschnell rauskriegen, wem Biep geh\u00f6rt, bevor ganz Boring davonfliegt. Da kann nur noch Herr Siebzehnr\u00fcbel helfen. Doch wo steckt der Spielzeugh\u00e4ndler? Voller \u00fcberraschender Wendungen, Sprachwitz und mit vielen Bildern vom unverwechselbaren Fr\u00e9deric Bertrand.<\/p>\n\n\n\n<p><\/p>\n\n\n\n<div class=\"wp-block-image\"><figure class=\"alignright size-large is-resized\"><img decoding=\"async\" loading=\"lazy\" src=\"https:\/\/isarautoren.de\/wp-content\/uploads\/2021\/11\/Kunstfresser.jpg\" alt=\"\" class=\"wp-image-531\" width=\"195\" height=\"288\"\/><\/figure><\/div>\n\n\n\n<p><\/p>\n\n\n\n<p><strong>Tine Ziegler<\/strong> observiert in &#8222;Kunstfresser&#8220; (S\u00fcdpol) kleine Sch\u00e4dlinge, die bislang kaum jemand kennt: Die Museumsmotten. Sie geht den den Fragen nach: Was ist ein Museum? Was ist eigentlich Kunst und kann man sie essen? Wer bestimmt \u00fcberhaupt, wie viel Kunst wert ist? Mit Museumsmotte Heribert und seiner Nichte Jolinde wird ein Ausflug ins Museum zu einem spannenden Abenteuer, in dem ganz nebenbei viele Fragen rund um die Themen Museum und Kunst kindgerecht erkl\u00e4rt werden.  <\/p>\n","protected":false},"excerpt":{"rendered":"<p>Vollgas! Mit diesen Neuerscheinungen starten die Isarautoren in den Herbst 2021: Gundi Hergets \u201eDiebische Adventsfee\u201c (Edition Pastorplatz) erz\u00e4hlt von einer Fee und ihrem verh\u00e4ngnisvollen Appetit auf Schokolade. Endlich ist der erste Dezember! Wie jedes Jahr &hellip;<\/p>\n","protected":false},"author":1,"featured_media":0,"comment_status":"open","ping_status":"open","sticky":false,"template":"","format":"standard","meta":[],"categories":[1],"tags":[],"_links":{"self":[{"href":"https:\/\/isarautoren.de\/index.php\/wp-json\/wp\/v2\/posts\/496"}],"collection":[{"href":"https:\/\/isarautoren.de\/index.php\/wp-json\/wp\/v2\/posts"}],"about":[{"href":"https:\/\/isarautoren.de\/index.php\/wp-json\/wp\/v2\/types\/post"}],"author":[{"embeddable":true,"href":"https:\/\/isarautoren.de\/index.php\/wp-json\/wp\/v2\/users\/1"}],"replies":[{"embeddable":true,"href":"https:\/\/isarautoren.de\/index.php\/wp-json\/wp\/v2\/comments?post=496"}],"version-history":[{"count":14,"href":"https:\/\/isarautoren.de\/index.php\/wp-json\/wp\/v2\/posts\/496\/revisions"}],"predecessor-version":[{"id":532,"href":"https:\/\/isarautoren.de\/index.php\/wp-json\/wp\/v2\/posts\/496\/revisions\/532"}],"wp:attachment":[{"href":"https:\/\/isarautoren.de\/index.php\/wp-json\/wp\/v2\/media?parent=496"}],"wp:term":[{"taxonomy":"category","embeddable":true,"href":"https:\/\/isarautoren.de\/index.php\/wp-json\/wp\/v2\/categories?post=496"},{"taxonomy":"post_tag","embeddable":true,"href":"https:\/\/isarautoren.de\/index.php\/wp-json\/wp\/v2\/tags?post=496"}],"curies":[{"name":"wp","href":"https:\/\/api.w.org\/{rel}","templated":true}]}}