{"id":632,"date":"2022-04-04T14:33:46","date_gmt":"2022-04-04T12:33:46","guid":{"rendered":"https:\/\/isarautoren.de\/?p=632"},"modified":"2022-04-07T09:43:01","modified_gmt":"2022-04-07T07:43:01","slug":"die-isarautoren-und-die-magie-der-neuen-buecher","status":"publish","type":"post","link":"https:\/\/isarautoren.de\/index.php\/2022\/04\/04\/die-isarautoren-und-die-magie-der-neuen-buecher\/","title":{"rendered":"Die Isarautoren und die Magie der (neuen) B\u00fccher"},"content":{"rendered":"\n<div class=\"wp-block-image\"><figure class=\"aligncenter size-large is-resized\"><img decoding=\"async\" loading=\"lazy\" src=\"https:\/\/isarautoren.de\/wp-content\/uploads\/2022\/04\/Fruehjahr22_neu_gross-1-1024x509.jpg\" alt=\"\" class=\"wp-image-668\" width=\"628\" height=\"312\" srcset=\"https:\/\/isarautoren.de\/wp-content\/uploads\/2022\/04\/Fruehjahr22_neu_gross-1-1024x509.jpg 1024w, https:\/\/isarautoren.de\/wp-content\/uploads\/2022\/04\/Fruehjahr22_neu_gross-1-300x149.jpg 300w, https:\/\/isarautoren.de\/wp-content\/uploads\/2022\/04\/Fruehjahr22_neu_gross-1-768x382.jpg 768w, https:\/\/isarautoren.de\/wp-content\/uploads\/2022\/04\/Fruehjahr22_neu_gross-1-1536x764.jpg 1536w, https:\/\/isarautoren.de\/wp-content\/uploads\/2022\/04\/Fruehjahr22_neu_gross-1.jpg 1604w\" sizes=\"(max-width: 628px) 100vw, 628px\" \/><\/figure><\/div>\n\n\n\n<p>Auch wir blicken alle wieder gern in die Fr\u00fchjahrsvorschauen der Verlage. Denn die Isarautoren sind in dieser Saison wieder mit einer Menge an Neuerscheinungen vertreten, die Lust aufs Lesen, auf den Sommer und tolle Geschichten am Badesee machen.<\/p>\n\n\n\n<div class=\"wp-block-image\"><figure class=\"alignleft size-full\"><img decoding=\"async\" loading=\"lazy\" width=\"180\" height=\"255\" src=\"https:\/\/isarautoren.de\/wp-content\/uploads\/2022\/04\/grafik-2.png\" alt=\"\" class=\"wp-image-638\"\/><\/figure><\/div>\n\n\n\n<p>Gleich mit vier Neuerscheinungen ist Spiegel-Bestseller-Autorin <strong>Sabine Bohlmann<\/strong> vertreten. Ihre Serie \u201eFrau Honig\u201c bekommt eine neue Folge mit \u201eFrau Honig und die Magie der Worte\u201c. In ihrer neuen Wirkungsst\u00e4tte kommt das liebenswerte Kinderm\u00e4dchen in eine Stadt, wo B\u00fccher nicht gesch\u00e4tzt werden, nur Charly, der Sohn einer Buchh\u00e4ndlerin ist anders. Damit sich hier die Dinge zum Guten wenden k\u00f6nnen, braucht es viel von Frau Honigs besonderer Magier. In einem Spin-Off gibt Frau Honig \u201eZauberhafte Tipps f\u00fcrs Wochenende\u201c mit vielen kleinen Aktivit\u00e4ten au\u00dfer Haus und daheim. <\/p>\n\n\n\n<p><\/p>\n\n\n\n<p><\/p>\n\n\n\n<p><\/p>\n\n\n\n<p><\/p>\n\n\n\n<div class=\"wp-block-image\"><figure class=\"alignright size-full\"><img decoding=\"async\" loading=\"lazy\" width=\"122\" height=\"180\" src=\"https:\/\/isarautoren.de\/wp-content\/uploads\/2022\/04\/grafik.png\" alt=\"\" class=\"wp-image-635\"\/><\/figure><\/div>\n\n\n\n<div class=\"wp-block-image\"><figure class=\"alignleft size-full\"><img decoding=\"async\" loading=\"lazy\" width=\"225\" height=\"180\" src=\"https:\/\/isarautoren.de\/wp-content\/uploads\/2022\/04\/grafik-1.png\" alt=\"\" class=\"wp-image-636\"\/><\/figure><\/div>\n\n\n\n<p>Auch Sabines Siebenschl\u00e4fer-Reihe wird erweitert um eine Ausgabe innerhalb der Serie Kleine Lesehelden: \u201eDer kleine Siebenschl\u00e4fer kommt in die Schule\u201c. Und dann gibt es aus Sabines Feder noch ein wunderbar fantasievolles und von Simona Ceccarelli \u00fcppig bunt illustriertes Bilderbuch: \u201eFantasie l\u00e4sst dich fliegen\u201c, wo Kinder nach und nach die Wunder der Fantasie entdecken. \u00dcbrigens alle Neuerscheinungen von Sabine Bohlmann werden von Thienemann herausgebracht.<\/p>\n\n\n\n<p><\/p>\n\n\n\n<p><\/p>\n\n\n\n<div class=\"wp-block-image\"><figure class=\"alignright size-full\"><img decoding=\"async\" loading=\"lazy\" width=\"124\" height=\"180\" src=\"https:\/\/isarautoren.de\/wp-content\/uploads\/2022\/04\/grafik-3.png\" alt=\"\" class=\"wp-image-639\"\/><\/figure><\/div>\n\n\n\n<p>Ebenfalls bei Thienemann ist auch <strong>Martina Baumbach<\/strong>, deren supererfolgreiche Reihe \u201eDie Tierwandler\u201c mit \u201eAuf die Pl\u00e4tze, fertig, Luchs\u201c schon in den f\u00fcnften Band geht. Dieses Mal dreht sich alles um Nachhaltigkeit und Umweltschutz, der Schulhof soll gr\u00fcn werden. Allerdings gibt es neuerdings komische \u00c4ste im Schulteich. Die Tierwandler m\u00fcssen sofort ermitteln.<\/p>\n\n\n\n<p><\/p>\n\n\n\n<p><\/p>\n\n\n\n<div class=\"wp-block-image\"><figure class=\"alignleft size-full\"><img decoding=\"async\" loading=\"lazy\" width=\"125\" height=\"180\" src=\"https:\/\/isarautoren.de\/wp-content\/uploads\/2022\/04\/grafik-4.png\" alt=\"\" class=\"wp-image-640\"\/><\/figure><\/div>\n\n\n\n<p>Isarautorin <strong>Wiebke Rhodius<\/strong> hat gemeinsam mit zwei weiteren Autorinnen Lena Havek und Uticha Marmon bei Planet ein Buch geschrieben. Im Wechsel erz\u00e4hlen die drei eine spritzige und witzige Sommerferien-Geschichte: \u201eDurch Pf\u00fctzen flitzen, bis sie spritzen\u201c: Vier kleine Helden m\u00fcssen ihre Ferien und vor allem ihren Badesee retten, bevor er zum Privatsee von einem Hotel wird.<\/p>\n\n\n\n<p><\/p>\n\n\n\n<p><\/p>\n\n\n\n<p><\/p>\n\n\n\n<p><\/p>\n\n\n\n<div class=\"wp-block-image\"><figure class=\"alignright size-full\"><img decoding=\"async\" loading=\"lazy\" width=\"121\" height=\"180\" src=\"https:\/\/isarautoren.de\/wp-content\/uploads\/2022\/04\/grafik-5.png\" alt=\"\" class=\"wp-image-641\"\/><\/figure><\/div>\n\n\n\n<p>F\u00fcr \u00e4ltere LeserInnen \u2013 also welche ab 14 Jahren \u2013 schreibt <strong>Christine Ziegler<\/strong>: Ihr dritter und abschlie\u00dfender Band der \u201eAnna Konda\u201c-Reihe \u201eEngel der Vergeltung\u201c ist auch im Fr\u00fchjahr neu herausgekommen. Halbengel Anna muss in einem christlichen Kloster viele Pr\u00fcfungen bestehen, um ihre Liebe zu Luzifers Handlanger Leo wiederzufinden. Ob asiatische Kampfkunst da weiterhelfen kann? Die spannende Fantasy-Reihe ist bei S\u00fcdpol zuhause.<\/p>\n\n\n\n<p><\/p>\n\n\n\n<div class=\"wp-block-image\"><figure class=\"alignleft size-full\"><img decoding=\"async\" loading=\"lazy\" width=\"139\" height=\"180\" src=\"https:\/\/isarautoren.de\/wp-content\/uploads\/2022\/04\/grafik-6.png\" alt=\"\" class=\"wp-image-642\"\/><\/figure><\/div>\n\n\n\n<p><strong>Marion H\u00fcbinger<\/strong> ist nicht nur Buchh\u00e4ndlerin aus Leidenschaft, sondern auch Autorin. Jetzt erscheint ihr erstes Kinderbuch im M\u00fcnchner Verlag Susanne Rieder. \u201eEine T\u00fcte voll Papa\u201c erz\u00e4hlt den Allerj\u00fcngsten ab 3 Jahren von einem traurigen Anlass: Vater und Tochter gehen f\u00fcr ihr Leben gern zum B\u00e4cker. Als Papa krank wird und irgendwann nicht mehr da ist, helfen der Tochter die Erinnerungen an die Zuckerkringel mit ihm.<\/p>\n\n\n\n<div class=\"wp-block-image\"><figure class=\"alignright size-full\"><img decoding=\"async\" loading=\"lazy\" width=\"126\" height=\"180\" src=\"https:\/\/isarautoren.de\/wp-content\/uploads\/2022\/04\/grafik-7.png\" alt=\"\" class=\"wp-image-643\"\/><\/figure><\/div>\n\n\n\n<p>Erw\u00e4hnen m\u00fcssen wir unbedingt auch <strong>Gregor Wolf<\/strong>, dessen \u201eDie abenteuerliche Reise des Leopold Morsch\u201c bei \u00dcberreuter nun auch als Taschenbuch erschienen ist.<\/p>\n\n\n\n<div class=\"wp-block-image\"><figure class=\"alignleft\"><img decoding=\"async\" loading=\"lazy\" width=\"129\" height=\"180\" src=\"https:\/\/isarautoren.de\/wp-content\/uploads\/2022\/04\/Unheimliche_Wuensche.jpg\" alt=\"\" class=\"wp-image-672\"\/><\/figure><\/div>\n\n\n\n<p><strong>Sabrina J. Kirschner<\/strong> hat eine neue Serie f\u00fcr Carlsen geschrieben: &#8222;Das Buch der (un)heimlichen W\u00fcnsche&#8220;. Das Buch, um das es geht, erf\u00fcllt einen ganz dringenden Wunsch, egal wie verr\u00fcckt der auch sein mag. Allerdings muss vorher den Wunsch eines Kindes erf\u00fcllt werden. Selbst wenn das Kind so etwas Wildes will wie Malee im ersten Band: eine Safari jenseits von Afrika.<\/p>\n\n\n\n<p>Eigentlich h\u00e4tte die Liste hier l\u00e4nger sein m\u00fcssen, denn wir warten in diesem Fr\u00fchjahr auch auf Band 3 von <strong>Michaela Hanauers <\/strong>Reihe \u201eRulantica\u201c. Aber der Engpass bei den Papierlieferungen hat eine Verschiebung des Erscheinungsdatums n\u00f6tig gemacht \u2013 was wir alle total schade finden, weil wir doch so gern weitergelesen h\u00e4tten.<\/p>\n\n\n\n<p>Das Problem der Papierknappheit beutelt unsere Branche gerade ziemlich stark. Nicht nur Michaela hat damit zu k\u00e4mpfen, auch anderen AutorInnen macht es stark zu schaffen: Schlie\u00dflich waren die vergangenen zwei Jahre f\u00fcr alle wegen ausgefallener Lesungen, den abgesagten Messen und der vergangenen Lockdowns im Handel auch nicht so ganz einfach. Aber wir holen unser Neuvorstellung nach, Michaela, versprochen, und dann kannst du ein ganz Happy Neuerscheinungs-Gesicht machen. (Die fantastischen Fotos der IsarautorInnen \u00fcbrigens haben, Jippie und Hurra, <strong>Nina M\u00fcller <\/strong>und <strong>Sabine Bohlmann<\/strong> geknipst und gestaltet)<\/p>\n\n\n\n<h1><\/h1>\n\n\n\n<h2><\/h2>\n\n\n\n<h2><\/h2>\n","protected":false},"excerpt":{"rendered":"<p>Auch wir blicken alle wieder gern in die Fr\u00fchjahrsvorschauen der Verlage. Denn die Isarautoren sind in dieser Saison wieder mit einer Menge an Neuerscheinungen vertreten, die Lust aufs Lesen, auf den Sommer und tolle Geschichten &hellip;<\/p>\n","protected":false},"author":1,"featured_media":0,"comment_status":"open","ping_status":"open","sticky":false,"template":"","format":"standard","meta":[],"categories":[1],"tags":[],"_links":{"self":[{"href":"https:\/\/isarautoren.de\/index.php\/wp-json\/wp\/v2\/posts\/632"}],"collection":[{"href":"https:\/\/isarautoren.de\/index.php\/wp-json\/wp\/v2\/posts"}],"about":[{"href":"https:\/\/isarautoren.de\/index.php\/wp-json\/wp\/v2\/types\/post"}],"author":[{"embeddable":true,"href":"https:\/\/isarautoren.de\/index.php\/wp-json\/wp\/v2\/users\/1"}],"replies":[{"embeddable":true,"href":"https:\/\/isarautoren.de\/index.php\/wp-json\/wp\/v2\/comments?post=632"}],"version-history":[{"count":8,"href":"https:\/\/isarautoren.de\/index.php\/wp-json\/wp\/v2\/posts\/632\/revisions"}],"predecessor-version":[{"id":681,"href":"https:\/\/isarautoren.de\/index.php\/wp-json\/wp\/v2\/posts\/632\/revisions\/681"}],"wp:attachment":[{"href":"https:\/\/isarautoren.de\/index.php\/wp-json\/wp\/v2\/media?parent=632"}],"wp:term":[{"taxonomy":"category","embeddable":true,"href":"https:\/\/isarautoren.de\/index.php\/wp-json\/wp\/v2\/categories?post=632"},{"taxonomy":"post_tag","embeddable":true,"href":"https:\/\/isarautoren.de\/index.php\/wp-json\/wp\/v2\/tags?post=632"}],"curies":[{"name":"wp","href":"https:\/\/api.w.org\/{rel}","templated":true}]}}